{"id":125,"date":"2024-06-04T21:55:23","date_gmt":"2024-06-04T21:55:23","guid":{"rendered":"http:\/\/www.uaos.unios.hr\/sizif\/?p=125"},"modified":"2024-06-06T07:09:26","modified_gmt":"2024-06-06T07:09:26","slug":"djecje-kazaliste-branka-mihaljevica-u-osijeku","status":"publish","type":"post","link":"http:\/\/www.uaos.unios.hr\/sizif\/djecje-kazaliste-branka-mihaljevica-u-osijeku\/","title":{"rendered":"Dje\u010dje kazali\u0161te Branka Mihaljevi\u0107a u Osijeku"},"content":{"rendered":"\n<p><strong>Autori:<\/strong> Dora Konstantinovi\u0107, Vigor Maro\u0161evac, <a href=\"https:\/\/www.linkedin.com\/in\/saira-miku%C5%A1ka-482b10311?utm_source=share&amp;utm_campaign=share_via&amp;utm_content=profile&amp;utm_medium=android_app\">Saira Miku\u0161ka<\/a>, <a href=\"https:\/\/www.linkedin.com\/in\/hrvojevukovi%C4%87\/\">Hrvoje Vukovi\u0107<\/a><\/p>\n\n\n\n<p><strong>Mentori:<\/strong> Marija Tolu\u0161i\u0107, mag.univ.spec, Filip \u017divalji\u0107, asistent<\/p>\n\n\n\n<p><strong>Akademska godina:<\/strong> 2023.\/2024.<\/p>\n\n\n\n<p>Kolegij: <a href=\"http:\/\/www.uaos.unios.hr\/odsjek-za-kulturu-medije-i-menadzment-2\/\">Planiranje u kulturi<\/a><\/p>\n\n\n\n<hr class=\"wp-block-separator has-alpha-channel-opacity\"\/>\n\n\n\n<p><strong>Organizacija\/doga\u0111aj za koji je izra\u0111en prijedlog rje\u0161enja:<\/strong> <\/p>\n\n\n\n<p>Dje\u010dje kazali\u0161te Branka Mihaljevi\u0107a u Osijeku<\/p>\n\n\n\n<p><strong>Analiza dosada\u0161njeg poslovanja odabrane organizacije\/ doga\u0111aja:<\/strong><\/p>\n\n\n\n<p>Statut Dje\u010djeg kazali\u0161ta Branka Mihaljevi\u0107a u Osijeku definira pravila i propise za rad ove ustanove, a klju\u010dne odredbe uklju\u010duju:<\/p>\n\n\n\n<p>Pravni status:<br>Kazali\u0161te je javna ustanova, pravna osoba upisana u sudski registar i vodi se kao javna slu\u017eba. Osniva\u010d je Grad Osijek.<\/p>\n\n\n\n<p>Djelatnost kazali\u0161ta:<br>Obavlja kazali\u0161ne aktivnosti kao javnu kulturnu potrebu, a osnovni program i financijski okvir utvr\u0111uje Gradona\u010delnik.<\/p>\n\n\n\n<p>Upravljanje:<br>Kazali\u0161tem upravlja ravnatelj koji predstavlja i zastupa ustanovu, organizira umjetni\u010dki program, vodi poslovanje i predla\u017ee financijske planove. Ravnatelj se imenuje na temelju javnog natje\u010daja na mandat od \u010detiri godine.<\/p>\n\n\n\n<p>Imovina i financijsko poslovanje:<br>Kazali\u0161te raspola\u017ee imovinom u skladu sa zakonom i ne radi radi stjecanja dobiti; ako je ostvari, koristi se za razvoj djelatnosti kazali\u0161ta. Grad Osijek odgovara za obveze kazali\u0161ta solidarnom i neograni\u010denom odgovorno\u0161\u0107u.<\/p>\n\n\n\n<p>Ove odredbe omogu\u0107uju organiziran rad i pravno poslovanje kazali\u0161ta te osiguravaju njegovu funkciju kao javne kulturne ustanove.<\/p>\n\n\n\n<p>Iz financijskog izvje\u0161\u0107a se mo\u017ee vidjeti nekoliko klju\u010dnih aspekata programa i poslovanja kazali\u0161ta:<\/p>\n\n\n\n<p>1. Posje\u0107eni Programi:<\/p>\n\n\n\n<p>&nbsp;Izvode se razli\u010diti kazali\u0161ni programi usmjereni na djecu, uklju\u010duju\u0107i predstave, radionice i specijalne doga\u0111aje.<\/p>\n\n\n\n<p>Posebno su popularne godi\u0161nje predstave i sezonske manifestacije.<\/p>\n\n\n\n<p>2. Posje\u0107enost:<\/p>\n\n\n\n<p>Broj posjetitelja varira po programu, ali postoje stalni posjetitelji, uglavnom djeca, \u0161kolske grupe i obitelji.<\/p>\n\n\n\n<p>Specifi\u010dni podaci o broju posjetitelja po programima nisu navedeni, ali su kazali\u0161ni doga\u0111aji dobro posje\u0107eni, posebno tokom vikenda i \u0161kolskih praznika.<\/p>\n\n\n\n<p>3. Prihodi:<\/p>\n\n\n\n<p>Prihodi dolaze iz vi\u0161e izvora, uklju\u010duju\u0107i prodaju ulaznica, sponzorstava, donacija i prora\u010dunskih sredstava.<\/p>\n\n\n\n<p>Primici su dokumentirani kroz razli\u010dite stavke, pri \u010demu je uo\u010dljivo pove\u0107anje prihoda u teku\u0107oj godini u usporedbi s prethodnom godinom:<\/p>\n\n\n\n<p>Prihodi poslovanja za 2023. iznose 936.624,44 HRK, \u0161to predstavlja rast od 4.6% u odnosu na prethodnu godinu.<\/p>\n\n\n\n<p>4. Financijsko Izvje\u0161\u0107e:<\/p>\n\n\n\n<p>Bilanca kazali\u0161ta pokazuje stabilnost u financijskom poslovanju, s prihodima koji prema\u0161uju rashode.<\/p>\n\n\n\n<p>Svi detalji o prihodima, rashodima i financijskom stanju nalaze se u bilanci i izvje\u0161taju o prihodima i rashodima.<\/p>\n\n\n\n<p><strong>Odabrani problem:<\/strong><\/p>\n\n\n\n<p>Iz analize dosada\u0161njeg poslovanja dje\u010djeg kazali\u0161ta zaklju\u010dili smo da kazali\u0161te koristi vi\u0161ak prihoda za unapre\u0111enje svojih usluga. Tako\u0111er smo primijetili da se tijekom godine odr\u017eavaju isklju\u010divo predstave za djecu manjeg uzrasta. Problem koji \u017eelimo rije\u0161iti je pove\u0107anje dolaska mladih u dje\u010dje kazali\u0161te. Trenutno, vrlo mali broj mladih posje\u0107uje kulturne ustanove poput kazali\u0161ta, jer ih postoje\u0107e predstave, posebno one namijenjene djeci, ne privla\u010de. Na\u0161 cilj je promijeniti tu percepciju i potaknuti mlade da vi\u0161e posje\u0107uju kulturne doga\u0111aje u organizaciji kazali\u0161ta.<\/p>\n\n\n\n<p>\u017delimo prona\u0107i na\u010din kako mlade motivirati da izlaze iz ku\u0107e kako bi u\u017eivali, opu\u0161tali se, provodili vrijeme s vr\u0161njacima, upoznavali nove ljude i stjecali nove vje\u0161tine. Vjerujemo da kazali\u0161te mo\u017ee biti mjesto gdje se mladi mogu zabaviti i kulturno obogatiti.<\/p>\n\n\n\n<p><strong>Ciljevi predlo\u017eenog rje\u0161enja<\/strong>:<\/p>\n\n\n\n<p>Osmislili smo program za mlade (od srednjo\u0161kolaca do studenata) koji uklju\u010duje razne zanimljive aktivnosti s ciljem pove\u0107anja njihove posje\u0107enosti kazali\u0161tu. \u017delimo stvoriti prostor gdje se svi mo\u017eemo opustiti i zabaviti zajedno, bez ikakvih strahova. Mjesto gdje \u0107e se svaka osoba mo\u0107i prikazati u svom najboljem svjetlu. \u017delimo organizirati aktivnosti koje \u0107e mladima omogu\u0107iti da na trenutak zaborave na vanjske probleme i jednostavno u\u017eivaju i zabavljaju se.<\/p>\n\n\n\n<p>Na\u0161e aktivnosti bit \u0107e raznolike i prilago\u0111ene interesima mladih. Planiramo organizirati gledanje filmova s kasnijim zajedni\u010dkim komentarima, stand-up komedije u kojima mogu nastupati sami ili u kojima \u0107emo pozivati profesionalne komi\u010dare, zanimljive i kreativne radionice, natjecanja, karaoke i jo\u0161 mnogo toga. Cilj nam je organizirati barem pet ovakvih doga\u0111anja tijekom akademske godine.<\/p>\n\n\n\n<p><strong>Plan implementacije:<\/strong><\/p>\n\n\n\n<p><a><\/a>Kako bi se ostvario cilj, potrebno je provesti anketu kojom bi se ispitali interesi i \u017eelje mladih u vezi s kulturnim doga\u0111ajima koje \u017eele posjetiti. Anketu treba provesti u suradnji sa srednjim \u0161kolama i fakultetima. Organiziralo bi se predstavljanje programa u \u0161kolama i na fakultetima, gdje bi se zainteresirani mogli prijaviti. Tako\u0111er bi se program ogla\u0161avao putem dru\u0161tvenih mre\u017ea, letaka i postera.<\/p>\n\n\n\n<p><strong>O\u010dekivani rezultati:<\/strong><\/p>\n\n\n\n<p>Ovim istra\u017eivanjem tr\u017ei\u0161ta o\u010dekujemo okviran broj zainteresiranih za ovakav program i okviran sadr\u017eaj koji bi se&nbsp; prisutnima mogao svidjeti da bi do\u0161li u \u0161to ve\u0107em broju. Pomo\u0107u predstavljanja dobili bi broj prijavljenih osoba \u010diji dolazak mo\u017eemo o\u010dekivati. Ogla\u0161avanjem preko dru\u0161tvenih mre\u017ea mo\u017eemo provjerit zainteresiranost javnosti za ovaj program. Tu zainteresiranost provjerili bi pomo\u0107u oznaka \u201esvi\u0111a mi se\u201c. Prema na\u0161im pretpostavkama plan bi bio uspje\u0161an kada bi ostvarili posje\u0107enost od dvadesetak osoba.<\/p>\n\n\n\n<p>Primjer ankete:<\/p>\n\n\n\n<figure class=\"wp-block-gallery has-nested-images columns-default is-cropped wp-block-gallery-1 is-layout-flex wp-block-gallery-is-layout-flex\">\n<figure class=\"wp-block-image size-large\"><img loading=\"lazy\" decoding=\"async\" width=\"470\" height=\"470\" data-id=\"126\" src=\"http:\/\/www.uaos.unios.hr\/sizif\/wp-content\/uploads\/2024\/06\/dk2.png\" alt=\"\" class=\"wp-image-126\" srcset=\"http:\/\/www.uaos.unios.hr\/sizif\/wp-content\/uploads\/2024\/06\/dk2.png 470w, http:\/\/www.uaos.unios.hr\/sizif\/wp-content\/uploads\/2024\/06\/dk2-300x300.png 300w, http:\/\/www.uaos.unios.hr\/sizif\/wp-content\/uploads\/2024\/06\/dk2-150x150.png 150w\" sizes=\"(max-width: 470px) 100vw, 470px\" \/><\/figure>\n\n\n\n<figure class=\"wp-block-image size-large\"><img loading=\"lazy\" decoding=\"async\" width=\"416\" height=\"498\" data-id=\"127\" src=\"http:\/\/www.uaos.unios.hr\/sizif\/wp-content\/uploads\/2024\/06\/dk1.png\" alt=\"\" class=\"wp-image-127\" srcset=\"http:\/\/www.uaos.unios.hr\/sizif\/wp-content\/uploads\/2024\/06\/dk1.png 416w, http:\/\/www.uaos.unios.hr\/sizif\/wp-content\/uploads\/2024\/06\/dk1-251x300.png 251w\" sizes=\"(max-width: 416px) 100vw, 416px\" \/><\/figure>\n<\/figure>\n\n\n\n<p>Pomo\u0107u ove ankete bi dobili informacije kao \u0161to su broj ljudi koji je prisustvovao u ovom anketiranju i njihovim preferencama. Pomo\u0107u toga mi mogli dobiti jasan uvid u ono \u0161to zanima zanima \u0161iru publiku i time bi lak\u0161e mogli krojiti doga\u0111aje koji bi se odvijali u prostoru dje\u010djeg kazali\u0161ta.<\/p>\n\n\n\n<figure class=\"wp-block-image size-full\"><img loading=\"lazy\" decoding=\"async\" width=\"904\" height=\"998\" src=\"http:\/\/www.uaos.unios.hr\/sizif\/wp-content\/uploads\/2024\/06\/dk3.jpg\" alt=\"\" class=\"wp-image-128\" srcset=\"http:\/\/www.uaos.unios.hr\/sizif\/wp-content\/uploads\/2024\/06\/dk3.jpg 904w, http:\/\/www.uaos.unios.hr\/sizif\/wp-content\/uploads\/2024\/06\/dk3-272x300.jpg 272w, http:\/\/www.uaos.unios.hr\/sizif\/wp-content\/uploads\/2024\/06\/dk3-768x848.jpg 768w\" sizes=\"(max-width: 904px) 100vw, 904px\" \/><\/figure>\n\n\n\n<p>Primjer letka<\/p>\n","protected":false},"excerpt":{"rendered":"<p>Autori: Dora Konstantinovi\u0107, Vigor Maro\u0161evac, Saira Miku\u0161ka, Hrvoje Vukovi\u0107 Mentori: Marija Tolu\u0161i\u0107, mag.univ.spec, Filip \u017divalji\u0107, asistent Akademska godina: 2023.\/2024. Kolegij: Planiranje u kulturi Organizacija\/doga\u0111aj za koji je izra\u0111en prijedlog rje\u0161enja: Dje\u010dje kazali\u0161te Branka Mihaljevi\u0107a u Osijeku Analiza dosada\u0161njeg poslovanja odabrane organizacije\/ doga\u0111aja: Statut Dje\u010djeg kazali\u0161ta Branka Mihaljevi\u0107a u Osijeku definira pravila i propise za rad [&hellip;]<\/p>\n","protected":false},"author":2,"featured_media":129,"comment_status":"open","ping_status":"open","sticky":false,"template":"","format":"standard","meta":{"footnotes":""},"categories":[1],"tags":[],"_links":{"self":[{"href":"http:\/\/www.uaos.unios.hr\/sizif\/wp-json\/wp\/v2\/posts\/125"}],"collection":[{"href":"http:\/\/www.uaos.unios.hr\/sizif\/wp-json\/wp\/v2\/posts"}],"about":[{"href":"http:\/\/www.uaos.unios.hr\/sizif\/wp-json\/wp\/v2\/types\/post"}],"author":[{"embeddable":true,"href":"http:\/\/www.uaos.unios.hr\/sizif\/wp-json\/wp\/v2\/users\/2"}],"replies":[{"embeddable":true,"href":"http:\/\/www.uaos.unios.hr\/sizif\/wp-json\/wp\/v2\/comments?post=125"}],"version-history":[{"count":6,"href":"http:\/\/www.uaos.unios.hr\/sizif\/wp-json\/wp\/v2\/posts\/125\/revisions"}],"predecessor-version":[{"id":150,"href":"http:\/\/www.uaos.unios.hr\/sizif\/wp-json\/wp\/v2\/posts\/125\/revisions\/150"}],"wp:featuredmedia":[{"embeddable":true,"href":"http:\/\/www.uaos.unios.hr\/sizif\/wp-json\/wp\/v2\/media\/129"}],"wp:attachment":[{"href":"http:\/\/www.uaos.unios.hr\/sizif\/wp-json\/wp\/v2\/media?parent=125"}],"wp:term":[{"taxonomy":"category","embeddable":true,"href":"http:\/\/www.uaos.unios.hr\/sizif\/wp-json\/wp\/v2\/categories?post=125"},{"taxonomy":"post_tag","embeddable":true,"href":"http:\/\/www.uaos.unios.hr\/sizif\/wp-json\/wp\/v2\/tags?post=125"}],"curies":[{"name":"wp","href":"https:\/\/api.w.org\/{rel}","templated":true}]}}